{"id":1990,"date":"2023-09-03T20:53:09","date_gmt":"2023-09-03T18:53:09","guid":{"rendered":"http:\/\/mejerikoket.se\/?p=1990"},"modified":"2023-09-03T20:53:09","modified_gmt":"2023-09-03T18:53:09","slug":"vecka-36-2","status":"publish","type":"post","link":"https:\/\/mejerikoket.se\/?p=1990","title":{"rendered":"Vecka 36"},"content":{"rendered":"\n<h5 class=\"wp-block-heading\">M\u00c5NDAG<\/h5>\n\n\n\n<p>Fiskgrat\u00e4ng med tomat &amp; timjan<br>Pasta med fl\u00e4skk\u00f6tt och v\u00e4sterbottensost<\/p>\n\n\n\n<h5 class=\"wp-block-heading\">TISDAG<\/h5>\n\n\n\n<p>Isterband med stuvad potatis<br>Chiligryta med ris &amp; gr\u00e4ddfil<\/p>\n\n\n\n<h5 class=\"wp-block-heading\">ONSDAG<\/h5>\n\n\n\n<p>h\u00f6stgryta p\u00e5 fl\u00e4skbog med potatis<br>panerad fisk med remoulads\u00e5s &amp; potatis<\/p>\n\n\n\n<h5 class=\"wp-block-heading\">TORSDAG<\/h5>\n\n\n\n<p>Kycklingbiff med citrons\u00e5s &amp; basmatiris<br>\u00c4rtsoppa &amp; pannkaka med sylt &amp; gr\u00e4dde<\/p>\n\n\n\n<h5 class=\"wp-block-heading\">FREDAG<\/h5>\n\n\n\n<p>BBQ-marinerad karr\u00e9 med f\u00e4rskostcr\u00e8me<\/p>\n\n\n\n<h2 class=\"wp-block-heading\">V\u00e4lkommen!<\/h2>\n\n\n\n<p>\u00d6ppet 10\u201313,30 m\u00e5ndag &#8211; fredag<br>Pris 116: &#8211; med loka el l\u00e4sk 131: &#8211;<br>Lunch h\u00e4fte m 10st 1060: &#8211;<\/p>\n","protected":false},"excerpt":{"rendered":"<p>M\u00c5NDAG Fiskgrat\u00e4ng med tomat &amp; timjanPasta med fl\u00e4skk\u00f6tt och v\u00e4sterbottensost TISDAG Isterband med stuvad potatisChiligryta med ris &amp; gr\u00e4ddfil ONSDAG h\u00f6stgryta p\u00e5 fl\u00e4skbog med potatispanerad fisk med remoulads\u00e5s &amp; potatis TORSDAG Kycklingbiff med citrons\u00e5s &amp; basmatiris\u00c4rtsoppa &amp; pannkaka med sylt &amp; gr\u00e4dde FREDAG BBQ-marinerad karr\u00e9 med f\u00e4rskostcr\u00e8me V\u00e4lkommen! \u00d6ppet 10\u201313,30 m\u00e5ndag &#8211; fredagPris 116: &#8211; &hellip; <a href=\"https:\/\/mejerikoket.se\/?p=1990\" class=\"more-link\">Forts\u00e4tt l\u00e4sa <span class=\"screen-reader-text\">Vecka 36<\/span> <span class=\"meta-nav\">&rarr;<\/span><\/a><\/p>\n","protected":false},"author":2,"featured_media":0,"comment_status":"closed","ping_status":"closed","sticky":false,"template":"","format":"standard","meta":[],"categories":[1],"tags":[],"_links":{"self":[{"href":"https:\/\/mejerikoket.se\/index.php?rest_route=\/wp\/v2\/posts\/1990"}],"collection":[{"href":"https:\/\/mejerikoket.se\/index.php?rest_route=\/wp\/v2\/posts"}],"about":[{"href":"https:\/\/mejerikoket.se\/index.php?rest_route=\/wp\/v2\/types\/post"}],"author":[{"embeddable":true,"href":"https:\/\/mejerikoket.se\/index.php?rest_route=\/wp\/v2\/users\/2"}],"replies":[{"embeddable":true,"href":"https:\/\/mejerikoket.se\/index.php?rest_route=%2Fwp%2Fv2%2Fcomments&post=1990"}],"version-history":[{"count":1,"href":"https:\/\/mejerikoket.se\/index.php?rest_route=\/wp\/v2\/posts\/1990\/revisions"}],"predecessor-version":[{"id":1991,"href":"https:\/\/mejerikoket.se\/index.php?rest_route=\/wp\/v2\/posts\/1990\/revisions\/1991"}],"wp:attachment":[{"href":"https:\/\/mejerikoket.se\/index.php?rest_route=%2Fwp%2Fv2%2Fmedia&parent=1990"}],"wp:term":[{"taxonomy":"category","embeddable":true,"href":"https:\/\/mejerikoket.se\/index.php?rest_route=%2Fwp%2Fv2%2Fcategories&post=1990"},{"taxonomy":"post_tag","embeddable":true,"href":"https:\/\/mejerikoket.se\/index.php?rest_route=%2Fwp%2Fv2%2Ftags&post=1990"}],"curies":[{"name":"wp","href":"https:\/\/api.w.org\/{rel}","templated":true}]}}